{"id":769,"date":"2026-04-28T15:08:03","date_gmt":"2026-04-28T21:08:03","guid":{"rendered":"https:\/\/anemex.com.mx\/blog\/?p=769"},"modified":"2026-04-28T15:08:05","modified_gmt":"2026-04-28T21:08:05","slug":"cuando-el-dolor-no-tiene-palabras-la-importancia-de-acompanar-el-duelo-en-la-infancia","status":"publish","type":"post","link":"https:\/\/anemex.com.mx\/blog\/cuando-el-dolor-no-tiene-palabras-la-importancia-de-acompanar-el-duelo-en-la-infancia\/","title":{"rendered":"Cuando el dolor no tiene palabras: la importancia de acompa\u00f1ar el duelo en la infancia"},"content":{"rendered":"\n<p>Hay dolores que no saben nombrarse. Y cuando aparecen en la infancia, pueden volverse a\u00fan m\u00e1s dif\u00edciles de entender\u2026 tanto para quien los siente como para quienes est\u00e1n cerca.<\/p>\n\n\n\n<p>En los adultos, el <a href=\"https:\/\/anemex.com.mx\/blog\/5-fases-del-duelo\/\">duelo <\/a>suele venir acompa\u00f1ado de palabras, de explicaciones, de rituales que ayudan a darle forma a la p\u00e9rdida. Pero en los ni\u00f1os, el duelo no siempre se expresa de manera evidente. A veces no hay llanto. A veces no hay preguntas. A veces, lo \u00fanico que vemos es un cambio sutil: un ni\u00f1o que se vuelve m\u00e1s callado, o m\u00e1s irritable, o que de pronto no quiere separarse de mam\u00e1, o que parece no reaccionar \u201ccomo deber\u00eda\u201d.<\/p>\n\n\n\n<p>Y ah\u00ed es donde comienza uno de los mayores malentendidos: creer que, si no lo expresan como esperamos, entonces no les duele. Pero s\u00ed les duele. Solo que su forma de sentir y procesar es distinta.<\/p>\n\n\n\n<h2 class=\"wp-block-heading\">Hablemos del duelo infantil <\/h2>\n\n\n\n<p>Un ni\u00f1o no siempre puede decir \u201cestoy triste porque perd\u00ed a alguien importante\u201d. Su mundo emocional a\u00fan est\u00e1 en construcci\u00f3n. Sus recursos para entender la ausencia, la muerte o los cambios profundos son limitados. Por eso, el <a href=\"https:\/\/adipa.mx\/noticias\/duelo-infantil-como-acompanar-a-los-ninos\/\">duelo en la infancia<\/a> suele manifestarse a trav\u00e9s del cuerpo, del comportamiento, de peque\u00f1os gestos que, si no se miran con atenci\u00f3n, pueden pasar desapercibidos.<\/p>\n\n\n\n<p>El duelo en los ni\u00f1os no es m\u00e1s ligero. Es m\u00e1s silencioso. Y tambi\u00e9n m\u00e1s vulnerable.<\/p>\n\n\n\n<p>Porque cuando un ni\u00f1o atraviesa una p\u00e9rdida \u2014ya sea la muerte de un ser querido, la separaci\u00f3n de sus padres, una enfermedad o cualquier cambio que altere su sensaci\u00f3n de estabilidad\u2014 lo que realmente se mueve dentro de \u00e9l no es solo la tristeza, sino la seguridad b\u00e1sica con la que entiende el mundo.<\/p>\n\n\n\n<p>El mundo deja de ser predecible. Y eso, para un ni\u00f1o, puede ser profundamente desconcertante.<\/p>\n\n\n\n<p>Por eso, acompa\u00f1ar el duelo en la infancia no se trata de encontrar las palabras perfectas. Se trata de algo mucho m\u00e1s esencial: estar. Estar disponibles, estar presentes, estar emocionalmente cerca.<\/p>\n\n\n\n<p>Acompa\u00f1ar implica permitir que el dolor exista sin apresurarlo, sin minimizarlo, sin intentar \u201carreglarlo\u201d de inmediato. A veces, desde el amor, los adultos queremos protegerlos evitando que sufran. Les cambiamos el tema, los distraemos, les decimos que \u201ctodo va a estar bien\u201d sin detenernos a ver lo que realmente est\u00e1n sintiendo.<\/p>\n\n\n\n<p>Pero el duelo necesita espacio. Incluso \u2014y especialmente\u2014 en los ni\u00f1os.<\/p>\n\n\n\n<h2 class=\"wp-block-heading\">Cuidar y acompa\u00f1ar <\/h2>\n\n\n\n<p>Hay ni\u00f1os que preguntan una y otra vez lo mismo, intentando comprender lo que no logran dimensionar. Hay otros que no preguntan nada, pero lo expresan en el juego, en sus dibujos, en su forma de relacionarse. Algunos parecen seguir como si nada hubiera pasado, y eso tambi\u00e9n desconcierta. Pero esa aparente \u201cnormalidad\u201d muchas veces es solo otra forma de protegerse.<\/p>\n\n\n\n<p>Ninguna de estas respuestas es incorrecta. Cada ni\u00f1o encuentra su propio camino para atravesar lo que le duele. Y en ese camino, el adulto no es quien dirige\u2026 es quien acompa\u00f1a.<\/p>\n\n\n\n<p>Acompa\u00f1ar a un ni\u00f1o en duelo es tener la sensibilidad para escuchar lo que dice, pero tambi\u00e9n lo que no puede decir. Es validar sus emociones sin juzgarlas, sin corregirlas, sin intentar encajarlas en lo que \u201cdeber\u00eda sentir\u201d. Es poder decirle, con palabras sencillas o con un abrazo: \u201cLo que sientes est\u00e1 bien. Estoy aqu\u00ed contigo\u201d.<\/p>\n\n\n\n<p>A veces, lo m\u00e1s valioso no es una explicaci\u00f3n, sino la presencia constante.<\/p>\n\n\n\n<p>Porque cuando un ni\u00f1o se siente acompa\u00f1ado en su dolor, algo muy profundo se construye dentro de \u00e9l: aprende que sus emociones no son un problema, que puede confiar en otros cuando algo le duele, que no tiene que atravesar lo dif\u00edcil en soledad.<\/p>\n\n\n\n<p>Aprende, incluso sin saberlo, que el amor permanece\u2026 aunque alguien ya no est\u00e9. Y eso es fundamental.<\/p>\n\n\n\n<p>Porque el duelo no se trata de olvidar, ni de \u201csuperar\u201d r\u00e1pido, ni de dejar de sentir. Se trata de integrar la p\u00e9rdida sin que eso rompa por completo el v\u00ednculo con la vida. En la infancia, ese proceso es especialmente delicado, porque ocurre al mismo tiempo que se est\u00e1 formando la manera en que ese ni\u00f1o entender\u00e1 el mundo, las relaciones y sus propias emociones.<\/p>\n\n\n\n<p>Por eso, hablar de duelo infantil tambi\u00e9n es hablar de prevenci\u00f3n emocional a largo plazo. De c\u00f3mo un ni\u00f1o que es escuchado y acompa\u00f1ado hoy, probablemente ser\u00e1 un adulto con mayor capacidad de reconocer, sostener y procesar lo que siente.<\/p>\n\n\n\n<p>En espacios como <a href=\"https:\/\/www.anemex.com.mx\/\">ANEMEX<\/a>, donde la mirada est\u00e1 puesta en el bienestar emocional desde una perspectiva profundamente humana, se reconoce la importancia de abrir estas conversaciones. No como un tema lejano o especializado, sino como una realidad que atraviesa a muchas familias y que necesita ser mirada con m\u00e1s sensibilidad.<\/p>\n\n\n\n<p>Porque el duelo en los ni\u00f1os no siempre se ve\u2026 pero siempre se siente.<\/p>\n\n\n\n<p>Y aunque no podamos evitarles el dolor, s\u00ed podemos ofrecerles algo que transforma completamente la experiencia: no dejarlos solos dentro de \u00e9l.<\/p>\n\n\n\n<p>A veces, eso es lo \u00fanico que necesitan. Y tambi\u00e9n, lo m\u00e1s importante.<\/p>\n\n\n\n<p><\/p>\n","protected":false},"excerpt":{"rendered":"<p>Hay dolores que no saben nombrarse. Y cuando aparecen en la infancia, pueden volverse a\u00fan m\u00e1s dif\u00edciles de entender\u2026 tanto para quien los siente como para quienes est\u00e1n cerca. En los adultos, el duelo suele venir acompa\u00f1ado de palabras, de explicaciones, de rituales que ayudan a darle forma a la p\u00e9rdida. Pero en los ni\u00f1os, [&hellip;]<\/p>\n","protected":false},"author":3,"featured_media":770,"comment_status":"closed","ping_status":"open","sticky":false,"template":"","format":"standard","meta":{"footnotes":""},"categories":[26],"tags":[9,57,11,31],"class_list":["post-769","post","type-post","status-publish","format-standard","has-post-thumbnail","hentry","category-duelo","tag-duelo","tag-duelo-infantil","tag-perdida-ser-querido","tag-tanatologia"],"yoast_head":"<!-- This site is optimized with the Yoast SEO plugin v27.5 - https:\/\/yoast.com\/product\/yoast-seo-wordpress\/ -->\n<title>Cuando el dolor no tiene palabras: la importancia de acompa\u00f1ar el duelo en la infancia -<\/title>\n<meta name=\"robots\" content=\"index, follow, max-snippet:-1, max-image-preview:large, max-video-preview:-1\" \/>\n<link rel=\"canonical\" href=\"https:\/\/anemex.com.mx\/blog\/cuando-el-dolor-no-tiene-palabras-la-importancia-de-acompanar-el-duelo-en-la-infancia\/\" \/>\n<meta property=\"og:locale\" content=\"es_MX\" \/>\n<meta property=\"og:type\" content=\"article\" \/>\n<meta property=\"og:title\" content=\"Cuando el dolor no tiene palabras: la importancia de acompa\u00f1ar el duelo en la infancia -\" \/>\n<meta property=\"og:description\" content=\"Hay dolores que no saben nombrarse. Y cuando aparecen en la infancia, pueden volverse a\u00fan m\u00e1s dif\u00edciles de entender\u2026 tanto para quien los siente como para quienes est\u00e1n cerca. En los adultos, el duelo suele venir acompa\u00f1ado de palabras, de explicaciones, de rituales que ayudan a darle forma a la p\u00e9rdida. Pero en los ni\u00f1os, [&hellip;]\" \/>\n<meta property=\"og:url\" content=\"https:\/\/anemex.com.mx\/blog\/cuando-el-dolor-no-tiene-palabras-la-importancia-de-acompanar-el-duelo-en-la-infancia\/\" \/>\n<meta property=\"article:published_time\" content=\"2026-04-28T21:08:03+00:00\" \/>\n<meta property=\"article:modified_time\" content=\"2026-04-28T21:08:05+00:00\" \/>\n<meta property=\"og:image\" content=\"https:\/\/anemex.com.mx\/blog\/wp-content\/uploads\/2026\/04\/WhatsApp-Image-2026-04-28-at-13.49.04.jpeg\" \/>\n\t<meta property=\"og:image:width\" content=\"1600\" \/>\n\t<meta property=\"og:image:height\" content=\"901\" \/>\n\t<meta property=\"og:image:type\" content=\"image\/jpeg\" \/>\n<meta name=\"author\" content=\"Ainara Astigarraga\" \/>\n<meta name=\"twitter:card\" content=\"summary_large_image\" \/>\n<meta name=\"twitter:label1\" content=\"Escrito por\" \/>\n\t<meta name=\"twitter:data1\" content=\"Ainara Astigarraga\" \/>\n\t<meta name=\"twitter:label2\" content=\"Tiempo de lectura\" \/>\n\t<meta name=\"twitter:data2\" content=\"4 minutos\" \/>\n<script type=\"application\/ld+json\" class=\"yoast-schema-graph\">{\"@context\":\"https:\\\/\\\/schema.org\",\"@graph\":[{\"@type\":\"Article\",\"@id\":\"https:\\\/\\\/anemex.com.mx\\\/blog\\\/cuando-el-dolor-no-tiene-palabras-la-importancia-de-acompanar-el-duelo-en-la-infancia\\\/#article\",\"isPartOf\":{\"@id\":\"https:\\\/\\\/anemex.com.mx\\\/blog\\\/cuando-el-dolor-no-tiene-palabras-la-importancia-de-acompanar-el-duelo-en-la-infancia\\\/\"},\"author\":{\"name\":\"Ainara Astigarraga\",\"@id\":\"https:\\\/\\\/anemex.com.mx\\\/blog\\\/#\\\/schema\\\/person\\\/3ad114098ba7837723dce4818c8fec7a\"},\"headline\":\"Cuando el dolor no tiene palabras: la importancia de acompa\u00f1ar el duelo en la infancia\",\"datePublished\":\"2026-04-28T21:08:03+00:00\",\"dateModified\":\"2026-04-28T21:08:05+00:00\",\"mainEntityOfPage\":{\"@id\":\"https:\\\/\\\/anemex.com.mx\\\/blog\\\/cuando-el-dolor-no-tiene-palabras-la-importancia-de-acompanar-el-duelo-en-la-infancia\\\/\"},\"wordCount\":896,\"image\":{\"@id\":\"https:\\\/\\\/anemex.com.mx\\\/blog\\\/cuando-el-dolor-no-tiene-palabras-la-importancia-de-acompanar-el-duelo-en-la-infancia\\\/#primaryimage\"},\"thumbnailUrl\":\"https:\\\/\\\/anemex.com.mx\\\/blog\\\/wp-content\\\/uploads\\\/2026\\\/04\\\/WhatsApp-Image-2026-04-28-at-13.49.04.jpeg\",\"keywords\":[\"duelo\",\"duelo infantil\",\"p\u00e9rdida ser querido\",\"tanatolog\u00eda\"],\"articleSection\":[\"Duelo\"],\"inLanguage\":\"es\"},{\"@type\":\"WebPage\",\"@id\":\"https:\\\/\\\/anemex.com.mx\\\/blog\\\/cuando-el-dolor-no-tiene-palabras-la-importancia-de-acompanar-el-duelo-en-la-infancia\\\/\",\"url\":\"https:\\\/\\\/anemex.com.mx\\\/blog\\\/cuando-el-dolor-no-tiene-palabras-la-importancia-de-acompanar-el-duelo-en-la-infancia\\\/\",\"name\":\"Cuando el dolor no tiene palabras: la importancia de acompa\u00f1ar el duelo en la infancia -\",\"isPartOf\":{\"@id\":\"https:\\\/\\\/anemex.com.mx\\\/blog\\\/#website\"},\"primaryImageOfPage\":{\"@id\":\"https:\\\/\\\/anemex.com.mx\\\/blog\\\/cuando-el-dolor-no-tiene-palabras-la-importancia-de-acompanar-el-duelo-en-la-infancia\\\/#primaryimage\"},\"image\":{\"@id\":\"https:\\\/\\\/anemex.com.mx\\\/blog\\\/cuando-el-dolor-no-tiene-palabras-la-importancia-de-acompanar-el-duelo-en-la-infancia\\\/#primaryimage\"},\"thumbnailUrl\":\"https:\\\/\\\/anemex.com.mx\\\/blog\\\/wp-content\\\/uploads\\\/2026\\\/04\\\/WhatsApp-Image-2026-04-28-at-13.49.04.jpeg\",\"datePublished\":\"2026-04-28T21:08:03+00:00\",\"dateModified\":\"2026-04-28T21:08:05+00:00\",\"author\":{\"@id\":\"https:\\\/\\\/anemex.com.mx\\\/blog\\\/#\\\/schema\\\/person\\\/3ad114098ba7837723dce4818c8fec7a\"},\"breadcrumb\":{\"@id\":\"https:\\\/\\\/anemex.com.mx\\\/blog\\\/cuando-el-dolor-no-tiene-palabras-la-importancia-de-acompanar-el-duelo-en-la-infancia\\\/#breadcrumb\"},\"inLanguage\":\"es\",\"potentialAction\":[{\"@type\":\"ReadAction\",\"target\":[\"https:\\\/\\\/anemex.com.mx\\\/blog\\\/cuando-el-dolor-no-tiene-palabras-la-importancia-de-acompanar-el-duelo-en-la-infancia\\\/\"]}]},{\"@type\":\"ImageObject\",\"inLanguage\":\"es\",\"@id\":\"https:\\\/\\\/anemex.com.mx\\\/blog\\\/cuando-el-dolor-no-tiene-palabras-la-importancia-de-acompanar-el-duelo-en-la-infancia\\\/#primaryimage\",\"url\":\"https:\\\/\\\/anemex.com.mx\\\/blog\\\/wp-content\\\/uploads\\\/2026\\\/04\\\/WhatsApp-Image-2026-04-28-at-13.49.04.jpeg\",\"contentUrl\":\"https:\\\/\\\/anemex.com.mx\\\/blog\\\/wp-content\\\/uploads\\\/2026\\\/04\\\/WhatsApp-Image-2026-04-28-at-13.49.04.jpeg\",\"width\":1600,\"height\":901,\"caption\":\"Cuando el dolor no tiene palabras: la importancia de acompa\u00f1ar el duelo en la infancia\"},{\"@type\":\"BreadcrumbList\",\"@id\":\"https:\\\/\\\/anemex.com.mx\\\/blog\\\/cuando-el-dolor-no-tiene-palabras-la-importancia-de-acompanar-el-duelo-en-la-infancia\\\/#breadcrumb\",\"itemListElement\":[{\"@type\":\"ListItem\",\"position\":1,\"name\":\"Inicio\",\"item\":\"https:\\\/\\\/anemex.com.mx\\\/blog\\\/\"},{\"@type\":\"ListItem\",\"position\":2,\"name\":\"Cuando el dolor no tiene palabras: la importancia de acompa\u00f1ar el duelo en la infancia\"}]},{\"@type\":\"WebSite\",\"@id\":\"https:\\\/\\\/anemex.com.mx\\\/blog\\\/#website\",\"url\":\"https:\\\/\\\/anemex.com.mx\\\/blog\\\/\",\"name\":\"\",\"description\":\"\",\"potentialAction\":[{\"@type\":\"SearchAction\",\"target\":{\"@type\":\"EntryPoint\",\"urlTemplate\":\"https:\\\/\\\/anemex.com.mx\\\/blog\\\/?s={search_term_string}\"},\"query-input\":{\"@type\":\"PropertyValueSpecification\",\"valueRequired\":true,\"valueName\":\"search_term_string\"}}],\"inLanguage\":\"es\"},{\"@type\":\"Person\",\"@id\":\"https:\\\/\\\/anemex.com.mx\\\/blog\\\/#\\\/schema\\\/person\\\/3ad114098ba7837723dce4818c8fec7a\",\"name\":\"Ainara Astigarraga\",\"image\":{\"@type\":\"ImageObject\",\"inLanguage\":\"es\",\"@id\":\"https:\\\/\\\/secure.gravatar.com\\\/avatar\\\/3715004eaa036800cb3a7828cbe916b0b19f7a4edb0957af3c7a9bb9790339b8?s=96&d=mm&r=g\",\"url\":\"https:\\\/\\\/secure.gravatar.com\\\/avatar\\\/3715004eaa036800cb3a7828cbe916b0b19f7a4edb0957af3c7a9bb9790339b8?s=96&d=mm&r=g\",\"contentUrl\":\"https:\\\/\\\/secure.gravatar.com\\\/avatar\\\/3715004eaa036800cb3a7828cbe916b0b19f7a4edb0957af3c7a9bb9790339b8?s=96&d=mm&r=g\",\"caption\":\"Ainara Astigarraga\"},\"url\":\"https:\\\/\\\/anemex.com.mx\\\/blog\\\/author\\\/ainara\\\/\"}]}<\/script>\n<!-- \/ Yoast SEO plugin. -->","yoast_head_json":{"title":"Cuando el dolor no tiene palabras: la importancia de acompa\u00f1ar el duelo en la infancia -","robots":{"index":"index","follow":"follow","max-snippet":"max-snippet:-1","max-image-preview":"max-image-preview:large","max-video-preview":"max-video-preview:-1"},"canonical":"https:\/\/anemex.com.mx\/blog\/cuando-el-dolor-no-tiene-palabras-la-importancia-de-acompanar-el-duelo-en-la-infancia\/","og_locale":"es_MX","og_type":"article","og_title":"Cuando el dolor no tiene palabras: la importancia de acompa\u00f1ar el duelo en la infancia -","og_description":"Hay dolores que no saben nombrarse. Y cuando aparecen en la infancia, pueden volverse a\u00fan m\u00e1s dif\u00edciles de entender\u2026 tanto para quien los siente como para quienes est\u00e1n cerca. En los adultos, el duelo suele venir acompa\u00f1ado de palabras, de explicaciones, de rituales que ayudan a darle forma a la p\u00e9rdida. Pero en los ni\u00f1os, [&hellip;]","og_url":"https:\/\/anemex.com.mx\/blog\/cuando-el-dolor-no-tiene-palabras-la-importancia-de-acompanar-el-duelo-en-la-infancia\/","article_published_time":"2026-04-28T21:08:03+00:00","article_modified_time":"2026-04-28T21:08:05+00:00","og_image":[{"width":1600,"height":901,"url":"https:\/\/anemex.com.mx\/blog\/wp-content\/uploads\/2026\/04\/WhatsApp-Image-2026-04-28-at-13.49.04.jpeg","type":"image\/jpeg"}],"author":"Ainara Astigarraga","twitter_card":"summary_large_image","twitter_misc":{"Escrito por":"Ainara Astigarraga","Tiempo de lectura":"4 minutos"},"schema":{"@context":"https:\/\/schema.org","@graph":[{"@type":"Article","@id":"https:\/\/anemex.com.mx\/blog\/cuando-el-dolor-no-tiene-palabras-la-importancia-de-acompanar-el-duelo-en-la-infancia\/#article","isPartOf":{"@id":"https:\/\/anemex.com.mx\/blog\/cuando-el-dolor-no-tiene-palabras-la-importancia-de-acompanar-el-duelo-en-la-infancia\/"},"author":{"name":"Ainara Astigarraga","@id":"https:\/\/anemex.com.mx\/blog\/#\/schema\/person\/3ad114098ba7837723dce4818c8fec7a"},"headline":"Cuando el dolor no tiene palabras: la importancia de acompa\u00f1ar el duelo en la infancia","datePublished":"2026-04-28T21:08:03+00:00","dateModified":"2026-04-28T21:08:05+00:00","mainEntityOfPage":{"@id":"https:\/\/anemex.com.mx\/blog\/cuando-el-dolor-no-tiene-palabras-la-importancia-de-acompanar-el-duelo-en-la-infancia\/"},"wordCount":896,"image":{"@id":"https:\/\/anemex.com.mx\/blog\/cuando-el-dolor-no-tiene-palabras-la-importancia-de-acompanar-el-duelo-en-la-infancia\/#primaryimage"},"thumbnailUrl":"https:\/\/anemex.com.mx\/blog\/wp-content\/uploads\/2026\/04\/WhatsApp-Image-2026-04-28-at-13.49.04.jpeg","keywords":["duelo","duelo infantil","p\u00e9rdida ser querido","tanatolog\u00eda"],"articleSection":["Duelo"],"inLanguage":"es"},{"@type":"WebPage","@id":"https:\/\/anemex.com.mx\/blog\/cuando-el-dolor-no-tiene-palabras-la-importancia-de-acompanar-el-duelo-en-la-infancia\/","url":"https:\/\/anemex.com.mx\/blog\/cuando-el-dolor-no-tiene-palabras-la-importancia-de-acompanar-el-duelo-en-la-infancia\/","name":"Cuando el dolor no tiene palabras: la importancia de acompa\u00f1ar el duelo en la infancia -","isPartOf":{"@id":"https:\/\/anemex.com.mx\/blog\/#website"},"primaryImageOfPage":{"@id":"https:\/\/anemex.com.mx\/blog\/cuando-el-dolor-no-tiene-palabras-la-importancia-de-acompanar-el-duelo-en-la-infancia\/#primaryimage"},"image":{"@id":"https:\/\/anemex.com.mx\/blog\/cuando-el-dolor-no-tiene-palabras-la-importancia-de-acompanar-el-duelo-en-la-infancia\/#primaryimage"},"thumbnailUrl":"https:\/\/anemex.com.mx\/blog\/wp-content\/uploads\/2026\/04\/WhatsApp-Image-2026-04-28-at-13.49.04.jpeg","datePublished":"2026-04-28T21:08:03+00:00","dateModified":"2026-04-28T21:08:05+00:00","author":{"@id":"https:\/\/anemex.com.mx\/blog\/#\/schema\/person\/3ad114098ba7837723dce4818c8fec7a"},"breadcrumb":{"@id":"https:\/\/anemex.com.mx\/blog\/cuando-el-dolor-no-tiene-palabras-la-importancia-de-acompanar-el-duelo-en-la-infancia\/#breadcrumb"},"inLanguage":"es","potentialAction":[{"@type":"ReadAction","target":["https:\/\/anemex.com.mx\/blog\/cuando-el-dolor-no-tiene-palabras-la-importancia-de-acompanar-el-duelo-en-la-infancia\/"]}]},{"@type":"ImageObject","inLanguage":"es","@id":"https:\/\/anemex.com.mx\/blog\/cuando-el-dolor-no-tiene-palabras-la-importancia-de-acompanar-el-duelo-en-la-infancia\/#primaryimage","url":"https:\/\/anemex.com.mx\/blog\/wp-content\/uploads\/2026\/04\/WhatsApp-Image-2026-04-28-at-13.49.04.jpeg","contentUrl":"https:\/\/anemex.com.mx\/blog\/wp-content\/uploads\/2026\/04\/WhatsApp-Image-2026-04-28-at-13.49.04.jpeg","width":1600,"height":901,"caption":"Cuando el dolor no tiene palabras: la importancia de acompa\u00f1ar el duelo en la infancia"},{"@type":"BreadcrumbList","@id":"https:\/\/anemex.com.mx\/blog\/cuando-el-dolor-no-tiene-palabras-la-importancia-de-acompanar-el-duelo-en-la-infancia\/#breadcrumb","itemListElement":[{"@type":"ListItem","position":1,"name":"Inicio","item":"https:\/\/anemex.com.mx\/blog\/"},{"@type":"ListItem","position":2,"name":"Cuando el dolor no tiene palabras: la importancia de acompa\u00f1ar el duelo en la infancia"}]},{"@type":"WebSite","@id":"https:\/\/anemex.com.mx\/blog\/#website","url":"https:\/\/anemex.com.mx\/blog\/","name":"","description":"","potentialAction":[{"@type":"SearchAction","target":{"@type":"EntryPoint","urlTemplate":"https:\/\/anemex.com.mx\/blog\/?s={search_term_string}"},"query-input":{"@type":"PropertyValueSpecification","valueRequired":true,"valueName":"search_term_string"}}],"inLanguage":"es"},{"@type":"Person","@id":"https:\/\/anemex.com.mx\/blog\/#\/schema\/person\/3ad114098ba7837723dce4818c8fec7a","name":"Ainara Astigarraga","image":{"@type":"ImageObject","inLanguage":"es","@id":"https:\/\/secure.gravatar.com\/avatar\/3715004eaa036800cb3a7828cbe916b0b19f7a4edb0957af3c7a9bb9790339b8?s=96&d=mm&r=g","url":"https:\/\/secure.gravatar.com\/avatar\/3715004eaa036800cb3a7828cbe916b0b19f7a4edb0957af3c7a9bb9790339b8?s=96&d=mm&r=g","contentUrl":"https:\/\/secure.gravatar.com\/avatar\/3715004eaa036800cb3a7828cbe916b0b19f7a4edb0957af3c7a9bb9790339b8?s=96&d=mm&r=g","caption":"Ainara Astigarraga"},"url":"https:\/\/anemex.com.mx\/blog\/author\/ainara\/"}]}},"_links":{"self":[{"href":"https:\/\/anemex.com.mx\/blog\/wp-json\/wp\/v2\/posts\/769","targetHints":{"allow":["GET"]}}],"collection":[{"href":"https:\/\/anemex.com.mx\/blog\/wp-json\/wp\/v2\/posts"}],"about":[{"href":"https:\/\/anemex.com.mx\/blog\/wp-json\/wp\/v2\/types\/post"}],"author":[{"embeddable":true,"href":"https:\/\/anemex.com.mx\/blog\/wp-json\/wp\/v2\/users\/3"}],"replies":[{"embeddable":true,"href":"https:\/\/anemex.com.mx\/blog\/wp-json\/wp\/v2\/comments?post=769"}],"version-history":[{"count":1,"href":"https:\/\/anemex.com.mx\/blog\/wp-json\/wp\/v2\/posts\/769\/revisions"}],"predecessor-version":[{"id":771,"href":"https:\/\/anemex.com.mx\/blog\/wp-json\/wp\/v2\/posts\/769\/revisions\/771"}],"wp:featuredmedia":[{"embeddable":true,"href":"https:\/\/anemex.com.mx\/blog\/wp-json\/wp\/v2\/media\/770"}],"wp:attachment":[{"href":"https:\/\/anemex.com.mx\/blog\/wp-json\/wp\/v2\/media?parent=769"}],"wp:term":[{"taxonomy":"category","embeddable":true,"href":"https:\/\/anemex.com.mx\/blog\/wp-json\/wp\/v2\/categories?post=769"},{"taxonomy":"post_tag","embeddable":true,"href":"https:\/\/anemex.com.mx\/blog\/wp-json\/wp\/v2\/tags?post=769"}],"curies":[{"name":"wp","href":"https:\/\/api.w.org\/{rel}","templated":true}]}}