{"id":661,"date":"2025-01-07T14:24:31","date_gmt":"2025-01-07T20:24:31","guid":{"rendered":"https:\/\/anemex.com.mx\/blog\/?p=661"},"modified":"2025-01-07T14:24:33","modified_gmt":"2025-01-07T20:24:33","slug":"la-depresion-post-fiestas-decembrinas-un-viaje-hacia-la-comprension-y-el-bienestar","status":"publish","type":"post","link":"https:\/\/anemex.com.mx\/blog\/la-depresion-post-fiestas-decembrinas-un-viaje-hacia-la-comprension-y-el-bienestar\/","title":{"rendered":"La depresi\u00f3n post fiestas decembrinas: un viaje hacia la comprensi\u00f3n y el bienestar"},"content":{"rendered":"\n<p>Las fiestas decembrinas son un momento m\u00e1gico del a\u00f1o, lleno de luces, risas y la calidez de las reuniones familiares. Pero, una vez que el \u00faltimo regalo ha sido abierto y las luces se apagan, muchos de nosotros nos encontramos con una sensaci\u00f3n inesperada de tristeza o vac\u00edo. Este fen\u00f3meno, conocido como depresi\u00f3n post fiestas decembrinas, es m\u00e1s com\u00fan de lo que imaginas. En este art\u00edculo, te invitamos a explorar qu\u00e9 es, por qu\u00e9 ocurre, c\u00f3mo detectarlo y, lo m\u00e1s importante, c\u00f3mo cuidarte en esta transici\u00f3n. Porque es normal sentirse as\u00ed, y <a href=\"https:\/\/www.anemex.com.mx\/\">no est\u00e1s solo<\/a> en este camino.<\/p>\n\n\n\n<p><\/p>\n\n\n\n<p><strong>\u00bfQu\u00e9 es la depresi\u00f3n post fiestas decembrinas?<\/strong><\/p>\n\n\n\n<p>La depresi\u00f3n post fiestas decembrinas puede manifestarse como una ola de melancol\u00eda que se siente despu\u00e9s de toda la alegr\u00eda y la energ\u00eda de las celebraciones. Es una experiencia emocional que puede incluir tristeza, ansiedad, fatiga y la sensaci\u00f3n de p\u00e9rdida. A menudo, esta tristeza se produce cuando el contraste entre la alegr\u00eda festiva y la rutina diaria se hace m\u00e1s evidente.<\/p>\n\n\n\n<p><\/p>\n\n\n\n<p><strong>\u00bfPor qu\u00e9 Ocurre?<\/strong><\/p>\n\n\n\n<ul class=\"wp-block-list\">\n<li><strong>Expectativas y realidad:<\/strong> Durante las fiestas, todos so\u00f1amos con momentos perfectos y recuerdos imborrables. Sin embargo, la realidad a menudo es m\u00e1s complicada. Cuando nuestras expectativas no se cumplen, es f\u00e1cil caer en un sentimiento de decepci\u00f3n.<\/li>\n<\/ul>\n\n\n\n<ul class=\"wp-block-list\">\n<li><strong>Soledad y aislamiento:<\/strong> Despu\u00e9s de disfrutar de la compa\u00f1\u00eda de familiares y amigos, volver a la rutina diaria puede resultar solitario, especialmente para quienes no tienen una red de apoyo s\u00f3lida. Ese vac\u00edo puede pesar m\u00e1s de lo que imaginas.<\/li>\n<\/ul>\n\n\n\n<ul class=\"wp-block-list\">\n<li><strong>Estr\u00e9s financiero:<\/strong> Las celebraciones a menudo vienen acompa\u00f1adas de gastos. Una vez que se apagan las luces, la preocupaci\u00f3n por las finanzas puede crear ansiedad y estr\u00e9s.<\/li>\n<\/ul>\n\n\n\n<ul class=\"wp-block-list\">\n<li><strong>Cambio en la rutina:<\/strong> La transici\u00f3n de d\u00edas festivos llenos de actividades a una rutina m\u00e1s mon\u00f3tona puede dejarte sintiendo que falta algo.<\/li>\n<\/ul>\n\n\n\n<p><\/p>\n\n\n\n<p><strong>C\u00f3mo detectar la depresi\u00f3n post fiestas decembrinas<\/strong><\/p>\n\n\n\n<ul class=\"wp-block-list\">\n<li><strong>S\u00edntomas emocionales:<\/strong> Escucha a tu coraz\u00f3n. Si te sientes m\u00e1s triste, ansioso o irritado de lo habitual, o si las cosas que sol\u00edan entusiasmarte ya no te traen alegr\u00eda, podr\u00edas estar enfrentando la depresi\u00f3n.<\/li>\n<\/ul>\n\n\n\n<ul class=\"wp-block-list\">\n<li><strong>S\u00edntomas f\u00edsicos:<\/strong> La fatiga persistente, los cambios en el apetito y el insomnio son se\u00f1ales de que tu cuerpo tambi\u00e9n est\u00e1 luchando. Tu bienestar f\u00edsico est\u00e1 conectado a tu bienestar emocional.<\/li>\n<\/ul>\n\n\n\n<ul class=\"wp-block-list\">\n<li><strong>Dificultades en las relaciones:<\/strong> Si te sientes m\u00e1s aislado o abrumado en situaciones sociales, es importante reconocerlo y buscar maneras de reconectar.<\/li>\n<\/ul>\n\n\n\n<p><\/p>\n\n\n\n<p><strong>C\u00f3mo Prevenir la Depresi\u00f3n Post Fiestas Decembrinas<\/strong><\/p>\n\n\n\n<ul class=\"wp-block-list\">\n<li><strong>Establecer Expectativas Realistas:<\/strong> Recuerda que no todas las fiestas ser\u00e1n perfectas. Perm\u00edtete disfrutar de los momentos simples y bellos, incluso si no son como imaginabas.<\/li>\n<\/ul>\n\n\n\n<ul class=\"wp-block-list\">\n<li><strong>Mantener la Conexi\u00f3n Social:<\/strong> La calidez de la conexi\u00f3n humana es vital. Haz un esfuerzo por mantener el contacto con tus seres queridos, ya sea a trav\u00e9s de llamadas, mensajes o encuentros. La cercan\u00eda es un ant\u00eddoto poderoso contra la soledad.<\/li>\n<\/ul>\n\n\n\n<ul class=\"wp-block-list\">\n<li><strong>Planificar Actividades Positivas:<\/strong> Despu\u00e9s de las festividades, programa tiempo para actividades que te hagan sentir bien. Desde leer un libro hasta salir a caminar, encuentra lo que te llena de alegr\u00eda.<\/li>\n<\/ul>\n\n\n\n<ul class=\"wp-block-list\">\n<li><strong>Practicar el Autocuidado:<\/strong> Dedica tiempo a cuidar de ti mismo. Esto puede incluir meditaci\u00f3n, ejercicios de respiraci\u00f3n o simplemente disfrutar de un ba\u00f1o caliente. Cada peque\u00f1o gesto cuenta.<\/li>\n<\/ul>\n\n\n\n<ul class=\"wp-block-list\">\n<li><strong>Buscar Apoyo Profesional:<\/strong> Si sientes que la tristeza persiste, no dudes en buscar ayuda. Hablar con un terapeuta puede proporcionarte el apoyo y las herramientas que necesitas para navegar este momento.<\/li>\n<\/ul>\n\n\n\n<p><\/p>\n\n\n\n<p>La depresi\u00f3n post <a href=\"https:\/\/anemex.com.mx\/blog\/duelo-fiestas-decembrinas\/\">fiestas decembrinas<\/a> es un fen\u00f3meno que afecta a muchos de nosotros, y reconocerlo es el primer paso hacia la sanaci\u00f3n. Al entender sus causas y adoptar medidas proactivas, puedes cuidarte en esta transici\u00f3n. Recuerda que est\u00e1 bien no sentirse bien y que buscar apoyo es un signo de fortaleza. Te invitamos a darte permiso para sentir, para buscar alegr\u00eda en los peque\u00f1os momentos y para rodearte de amor y comprensi\u00f3n. No est\u00e1s solo en este viaje, y hay luz al final del t\u00fanel.<\/p>\n\n\n\n<p><\/p>\n","protected":false},"excerpt":{"rendered":"<p>Las fiestas decembrinas son un momento m\u00e1gico del a\u00f1o, lleno de luces, risas y la calidez de las reuniones familiares. Pero, una vez que el \u00faltimo regalo ha sido abierto y las luces se apagan, muchos de nosotros nos encontramos con una sensaci\u00f3n inesperada de tristeza o vac\u00edo. Este fen\u00f3meno, conocido como depresi\u00f3n post fiestas [&hellip;]<\/p>\n","protected":false},"author":3,"featured_media":664,"comment_status":"closed","ping_status":"open","sticky":false,"template":"","format":"standard","meta":{"footnotes":""},"categories":[1],"tags":[],"class_list":["post-661","post","type-post","status-publish","format-standard","has-post-thumbnail","hentry","category-uncategorized"],"yoast_head":"<!-- This site is optimized with the Yoast SEO plugin v27.5 - https:\/\/yoast.com\/product\/yoast-seo-wordpress\/ -->\n<title>La depresi\u00f3n post fiestas decembrinas: un viaje hacia la comprensi\u00f3n y el bienestar -<\/title>\n<meta name=\"robots\" content=\"index, follow, max-snippet:-1, max-image-preview:large, max-video-preview:-1\" \/>\n<link rel=\"canonical\" href=\"https:\/\/anemex.com.mx\/blog\/la-depresion-post-fiestas-decembrinas-un-viaje-hacia-la-comprension-y-el-bienestar\/\" \/>\n<meta property=\"og:locale\" content=\"es_MX\" \/>\n<meta property=\"og:type\" content=\"article\" \/>\n<meta property=\"og:title\" content=\"La depresi\u00f3n post fiestas decembrinas: un viaje hacia la comprensi\u00f3n y el bienestar -\" \/>\n<meta property=\"og:description\" content=\"Las fiestas decembrinas son un momento m\u00e1gico del a\u00f1o, lleno de luces, risas y la calidez de las reuniones familiares. Pero, una vez que el \u00faltimo regalo ha sido abierto y las luces se apagan, muchos de nosotros nos encontramos con una sensaci\u00f3n inesperada de tristeza o vac\u00edo. Este fen\u00f3meno, conocido como depresi\u00f3n post fiestas [&hellip;]\" \/>\n<meta property=\"og:url\" content=\"https:\/\/anemex.com.mx\/blog\/la-depresion-post-fiestas-decembrinas-un-viaje-hacia-la-comprension-y-el-bienestar\/\" \/>\n<meta property=\"article:published_time\" content=\"2025-01-07T20:24:31+00:00\" \/>\n<meta property=\"article:modified_time\" content=\"2025-01-07T20:24:33+00:00\" \/>\n<meta property=\"og:image\" content=\"https:\/\/anemex.com.mx\/blog\/wp-content\/uploads\/2025\/01\/Deprepost.png\" \/>\n\t<meta property=\"og:image:width\" content=\"1348\" \/>\n\t<meta property=\"og:image:height\" content=\"899\" \/>\n\t<meta property=\"og:image:type\" content=\"image\/png\" \/>\n<meta name=\"author\" content=\"Ainara Astigarraga\" \/>\n<meta name=\"twitter:card\" content=\"summary_large_image\" \/>\n<meta name=\"twitter:label1\" content=\"Escrito por\" \/>\n\t<meta name=\"twitter:data1\" content=\"Ainara Astigarraga\" \/>\n\t<meta name=\"twitter:label2\" content=\"Tiempo de lectura\" \/>\n\t<meta name=\"twitter:data2\" content=\"4 minutos\" \/>\n<script type=\"application\/ld+json\" class=\"yoast-schema-graph\">{\"@context\":\"https:\\\/\\\/schema.org\",\"@graph\":[{\"@type\":\"Article\",\"@id\":\"https:\\\/\\\/anemex.com.mx\\\/blog\\\/la-depresion-post-fiestas-decembrinas-un-viaje-hacia-la-comprension-y-el-bienestar\\\/#article\",\"isPartOf\":{\"@id\":\"https:\\\/\\\/anemex.com.mx\\\/blog\\\/la-depresion-post-fiestas-decembrinas-un-viaje-hacia-la-comprension-y-el-bienestar\\\/\"},\"author\":{\"name\":\"Ainara Astigarraga\",\"@id\":\"https:\\\/\\\/anemex.com.mx\\\/blog\\\/#\\\/schema\\\/person\\\/3ad114098ba7837723dce4818c8fec7a\"},\"headline\":\"La depresi\u00f3n post fiestas decembrinas: un viaje hacia la comprensi\u00f3n y el bienestar\",\"datePublished\":\"2025-01-07T20:24:31+00:00\",\"dateModified\":\"2025-01-07T20:24:33+00:00\",\"mainEntityOfPage\":{\"@id\":\"https:\\\/\\\/anemex.com.mx\\\/blog\\\/la-depresion-post-fiestas-decembrinas-un-viaje-hacia-la-comprension-y-el-bienestar\\\/\"},\"wordCount\":735,\"image\":{\"@id\":\"https:\\\/\\\/anemex.com.mx\\\/blog\\\/la-depresion-post-fiestas-decembrinas-un-viaje-hacia-la-comprension-y-el-bienestar\\\/#primaryimage\"},\"thumbnailUrl\":\"https:\\\/\\\/anemex.com.mx\\\/blog\\\/wp-content\\\/uploads\\\/2025\\\/01\\\/Deprepost.png\",\"articleSection\":[\"Uncategorized\"],\"inLanguage\":\"es\"},{\"@type\":\"WebPage\",\"@id\":\"https:\\\/\\\/anemex.com.mx\\\/blog\\\/la-depresion-post-fiestas-decembrinas-un-viaje-hacia-la-comprension-y-el-bienestar\\\/\",\"url\":\"https:\\\/\\\/anemex.com.mx\\\/blog\\\/la-depresion-post-fiestas-decembrinas-un-viaje-hacia-la-comprension-y-el-bienestar\\\/\",\"name\":\"La depresi\u00f3n post fiestas decembrinas: un viaje hacia la comprensi\u00f3n y el bienestar -\",\"isPartOf\":{\"@id\":\"https:\\\/\\\/anemex.com.mx\\\/blog\\\/#website\"},\"primaryImageOfPage\":{\"@id\":\"https:\\\/\\\/anemex.com.mx\\\/blog\\\/la-depresion-post-fiestas-decembrinas-un-viaje-hacia-la-comprension-y-el-bienestar\\\/#primaryimage\"},\"image\":{\"@id\":\"https:\\\/\\\/anemex.com.mx\\\/blog\\\/la-depresion-post-fiestas-decembrinas-un-viaje-hacia-la-comprension-y-el-bienestar\\\/#primaryimage\"},\"thumbnailUrl\":\"https:\\\/\\\/anemex.com.mx\\\/blog\\\/wp-content\\\/uploads\\\/2025\\\/01\\\/Deprepost.png\",\"datePublished\":\"2025-01-07T20:24:31+00:00\",\"dateModified\":\"2025-01-07T20:24:33+00:00\",\"author\":{\"@id\":\"https:\\\/\\\/anemex.com.mx\\\/blog\\\/#\\\/schema\\\/person\\\/3ad114098ba7837723dce4818c8fec7a\"},\"breadcrumb\":{\"@id\":\"https:\\\/\\\/anemex.com.mx\\\/blog\\\/la-depresion-post-fiestas-decembrinas-un-viaje-hacia-la-comprension-y-el-bienestar\\\/#breadcrumb\"},\"inLanguage\":\"es\",\"potentialAction\":[{\"@type\":\"ReadAction\",\"target\":[\"https:\\\/\\\/anemex.com.mx\\\/blog\\\/la-depresion-post-fiestas-decembrinas-un-viaje-hacia-la-comprension-y-el-bienestar\\\/\"]}]},{\"@type\":\"ImageObject\",\"inLanguage\":\"es\",\"@id\":\"https:\\\/\\\/anemex.com.mx\\\/blog\\\/la-depresion-post-fiestas-decembrinas-un-viaje-hacia-la-comprension-y-el-bienestar\\\/#primaryimage\",\"url\":\"https:\\\/\\\/anemex.com.mx\\\/blog\\\/wp-content\\\/uploads\\\/2025\\\/01\\\/Deprepost.png\",\"contentUrl\":\"https:\\\/\\\/anemex.com.mx\\\/blog\\\/wp-content\\\/uploads\\\/2025\\\/01\\\/Deprepost.png\",\"width\":1348,\"height\":899},{\"@type\":\"BreadcrumbList\",\"@id\":\"https:\\\/\\\/anemex.com.mx\\\/blog\\\/la-depresion-post-fiestas-decembrinas-un-viaje-hacia-la-comprension-y-el-bienestar\\\/#breadcrumb\",\"itemListElement\":[{\"@type\":\"ListItem\",\"position\":1,\"name\":\"Inicio\",\"item\":\"https:\\\/\\\/anemex.com.mx\\\/blog\\\/\"},{\"@type\":\"ListItem\",\"position\":2,\"name\":\"La depresi\u00f3n post fiestas decembrinas: un viaje hacia la comprensi\u00f3n y el bienestar\"}]},{\"@type\":\"WebSite\",\"@id\":\"https:\\\/\\\/anemex.com.mx\\\/blog\\\/#website\",\"url\":\"https:\\\/\\\/anemex.com.mx\\\/blog\\\/\",\"name\":\"\",\"description\":\"\",\"potentialAction\":[{\"@type\":\"SearchAction\",\"target\":{\"@type\":\"EntryPoint\",\"urlTemplate\":\"https:\\\/\\\/anemex.com.mx\\\/blog\\\/?s={search_term_string}\"},\"query-input\":{\"@type\":\"PropertyValueSpecification\",\"valueRequired\":true,\"valueName\":\"search_term_string\"}}],\"inLanguage\":\"es\"},{\"@type\":\"Person\",\"@id\":\"https:\\\/\\\/anemex.com.mx\\\/blog\\\/#\\\/schema\\\/person\\\/3ad114098ba7837723dce4818c8fec7a\",\"name\":\"Ainara Astigarraga\",\"image\":{\"@type\":\"ImageObject\",\"inLanguage\":\"es\",\"@id\":\"https:\\\/\\\/secure.gravatar.com\\\/avatar\\\/3715004eaa036800cb3a7828cbe916b0b19f7a4edb0957af3c7a9bb9790339b8?s=96&d=mm&r=g\",\"url\":\"https:\\\/\\\/secure.gravatar.com\\\/avatar\\\/3715004eaa036800cb3a7828cbe916b0b19f7a4edb0957af3c7a9bb9790339b8?s=96&d=mm&r=g\",\"contentUrl\":\"https:\\\/\\\/secure.gravatar.com\\\/avatar\\\/3715004eaa036800cb3a7828cbe916b0b19f7a4edb0957af3c7a9bb9790339b8?s=96&d=mm&r=g\",\"caption\":\"Ainara Astigarraga\"},\"url\":\"https:\\\/\\\/anemex.com.mx\\\/blog\\\/author\\\/ainara\\\/\"}]}<\/script>\n<!-- \/ Yoast SEO plugin. -->","yoast_head_json":{"title":"La depresi\u00f3n post fiestas decembrinas: un viaje hacia la comprensi\u00f3n y el bienestar -","robots":{"index":"index","follow":"follow","max-snippet":"max-snippet:-1","max-image-preview":"max-image-preview:large","max-video-preview":"max-video-preview:-1"},"canonical":"https:\/\/anemex.com.mx\/blog\/la-depresion-post-fiestas-decembrinas-un-viaje-hacia-la-comprension-y-el-bienestar\/","og_locale":"es_MX","og_type":"article","og_title":"La depresi\u00f3n post fiestas decembrinas: un viaje hacia la comprensi\u00f3n y el bienestar -","og_description":"Las fiestas decembrinas son un momento m\u00e1gico del a\u00f1o, lleno de luces, risas y la calidez de las reuniones familiares. Pero, una vez que el \u00faltimo regalo ha sido abierto y las luces se apagan, muchos de nosotros nos encontramos con una sensaci\u00f3n inesperada de tristeza o vac\u00edo. Este fen\u00f3meno, conocido como depresi\u00f3n post fiestas [&hellip;]","og_url":"https:\/\/anemex.com.mx\/blog\/la-depresion-post-fiestas-decembrinas-un-viaje-hacia-la-comprension-y-el-bienestar\/","article_published_time":"2025-01-07T20:24:31+00:00","article_modified_time":"2025-01-07T20:24:33+00:00","og_image":[{"width":1348,"height":899,"url":"https:\/\/anemex.com.mx\/blog\/wp-content\/uploads\/2025\/01\/Deprepost.png","type":"image\/png"}],"author":"Ainara Astigarraga","twitter_card":"summary_large_image","twitter_misc":{"Escrito por":"Ainara Astigarraga","Tiempo de lectura":"4 minutos"},"schema":{"@context":"https:\/\/schema.org","@graph":[{"@type":"Article","@id":"https:\/\/anemex.com.mx\/blog\/la-depresion-post-fiestas-decembrinas-un-viaje-hacia-la-comprension-y-el-bienestar\/#article","isPartOf":{"@id":"https:\/\/anemex.com.mx\/blog\/la-depresion-post-fiestas-decembrinas-un-viaje-hacia-la-comprension-y-el-bienestar\/"},"author":{"name":"Ainara Astigarraga","@id":"https:\/\/anemex.com.mx\/blog\/#\/schema\/person\/3ad114098ba7837723dce4818c8fec7a"},"headline":"La depresi\u00f3n post fiestas decembrinas: un viaje hacia la comprensi\u00f3n y el bienestar","datePublished":"2025-01-07T20:24:31+00:00","dateModified":"2025-01-07T20:24:33+00:00","mainEntityOfPage":{"@id":"https:\/\/anemex.com.mx\/blog\/la-depresion-post-fiestas-decembrinas-un-viaje-hacia-la-comprension-y-el-bienestar\/"},"wordCount":735,"image":{"@id":"https:\/\/anemex.com.mx\/blog\/la-depresion-post-fiestas-decembrinas-un-viaje-hacia-la-comprension-y-el-bienestar\/#primaryimage"},"thumbnailUrl":"https:\/\/anemex.com.mx\/blog\/wp-content\/uploads\/2025\/01\/Deprepost.png","articleSection":["Uncategorized"],"inLanguage":"es"},{"@type":"WebPage","@id":"https:\/\/anemex.com.mx\/blog\/la-depresion-post-fiestas-decembrinas-un-viaje-hacia-la-comprension-y-el-bienestar\/","url":"https:\/\/anemex.com.mx\/blog\/la-depresion-post-fiestas-decembrinas-un-viaje-hacia-la-comprension-y-el-bienestar\/","name":"La depresi\u00f3n post fiestas decembrinas: un viaje hacia la comprensi\u00f3n y el bienestar -","isPartOf":{"@id":"https:\/\/anemex.com.mx\/blog\/#website"},"primaryImageOfPage":{"@id":"https:\/\/anemex.com.mx\/blog\/la-depresion-post-fiestas-decembrinas-un-viaje-hacia-la-comprension-y-el-bienestar\/#primaryimage"},"image":{"@id":"https:\/\/anemex.com.mx\/blog\/la-depresion-post-fiestas-decembrinas-un-viaje-hacia-la-comprension-y-el-bienestar\/#primaryimage"},"thumbnailUrl":"https:\/\/anemex.com.mx\/blog\/wp-content\/uploads\/2025\/01\/Deprepost.png","datePublished":"2025-01-07T20:24:31+00:00","dateModified":"2025-01-07T20:24:33+00:00","author":{"@id":"https:\/\/anemex.com.mx\/blog\/#\/schema\/person\/3ad114098ba7837723dce4818c8fec7a"},"breadcrumb":{"@id":"https:\/\/anemex.com.mx\/blog\/la-depresion-post-fiestas-decembrinas-un-viaje-hacia-la-comprension-y-el-bienestar\/#breadcrumb"},"inLanguage":"es","potentialAction":[{"@type":"ReadAction","target":["https:\/\/anemex.com.mx\/blog\/la-depresion-post-fiestas-decembrinas-un-viaje-hacia-la-comprension-y-el-bienestar\/"]}]},{"@type":"ImageObject","inLanguage":"es","@id":"https:\/\/anemex.com.mx\/blog\/la-depresion-post-fiestas-decembrinas-un-viaje-hacia-la-comprension-y-el-bienestar\/#primaryimage","url":"https:\/\/anemex.com.mx\/blog\/wp-content\/uploads\/2025\/01\/Deprepost.png","contentUrl":"https:\/\/anemex.com.mx\/blog\/wp-content\/uploads\/2025\/01\/Deprepost.png","width":1348,"height":899},{"@type":"BreadcrumbList","@id":"https:\/\/anemex.com.mx\/blog\/la-depresion-post-fiestas-decembrinas-un-viaje-hacia-la-comprension-y-el-bienestar\/#breadcrumb","itemListElement":[{"@type":"ListItem","position":1,"name":"Inicio","item":"https:\/\/anemex.com.mx\/blog\/"},{"@type":"ListItem","position":2,"name":"La depresi\u00f3n post fiestas decembrinas: un viaje hacia la comprensi\u00f3n y el bienestar"}]},{"@type":"WebSite","@id":"https:\/\/anemex.com.mx\/blog\/#website","url":"https:\/\/anemex.com.mx\/blog\/","name":"","description":"","potentialAction":[{"@type":"SearchAction","target":{"@type":"EntryPoint","urlTemplate":"https:\/\/anemex.com.mx\/blog\/?s={search_term_string}"},"query-input":{"@type":"PropertyValueSpecification","valueRequired":true,"valueName":"search_term_string"}}],"inLanguage":"es"},{"@type":"Person","@id":"https:\/\/anemex.com.mx\/blog\/#\/schema\/person\/3ad114098ba7837723dce4818c8fec7a","name":"Ainara Astigarraga","image":{"@type":"ImageObject","inLanguage":"es","@id":"https:\/\/secure.gravatar.com\/avatar\/3715004eaa036800cb3a7828cbe916b0b19f7a4edb0957af3c7a9bb9790339b8?s=96&d=mm&r=g","url":"https:\/\/secure.gravatar.com\/avatar\/3715004eaa036800cb3a7828cbe916b0b19f7a4edb0957af3c7a9bb9790339b8?s=96&d=mm&r=g","contentUrl":"https:\/\/secure.gravatar.com\/avatar\/3715004eaa036800cb3a7828cbe916b0b19f7a4edb0957af3c7a9bb9790339b8?s=96&d=mm&r=g","caption":"Ainara Astigarraga"},"url":"https:\/\/anemex.com.mx\/blog\/author\/ainara\/"}]}},"_links":{"self":[{"href":"https:\/\/anemex.com.mx\/blog\/wp-json\/wp\/v2\/posts\/661","targetHints":{"allow":["GET"]}}],"collection":[{"href":"https:\/\/anemex.com.mx\/blog\/wp-json\/wp\/v2\/posts"}],"about":[{"href":"https:\/\/anemex.com.mx\/blog\/wp-json\/wp\/v2\/types\/post"}],"author":[{"embeddable":true,"href":"https:\/\/anemex.com.mx\/blog\/wp-json\/wp\/v2\/users\/3"}],"replies":[{"embeddable":true,"href":"https:\/\/anemex.com.mx\/blog\/wp-json\/wp\/v2\/comments?post=661"}],"version-history":[{"count":1,"href":"https:\/\/anemex.com.mx\/blog\/wp-json\/wp\/v2\/posts\/661\/revisions"}],"predecessor-version":[{"id":662,"href":"https:\/\/anemex.com.mx\/blog\/wp-json\/wp\/v2\/posts\/661\/revisions\/662"}],"wp:featuredmedia":[{"embeddable":true,"href":"https:\/\/anemex.com.mx\/blog\/wp-json\/wp\/v2\/media\/664"}],"wp:attachment":[{"href":"https:\/\/anemex.com.mx\/blog\/wp-json\/wp\/v2\/media?parent=661"}],"wp:term":[{"taxonomy":"category","embeddable":true,"href":"https:\/\/anemex.com.mx\/blog\/wp-json\/wp\/v2\/categories?post=661"},{"taxonomy":"post_tag","embeddable":true,"href":"https:\/\/anemex.com.mx\/blog\/wp-json\/wp\/v2\/tags?post=661"}],"curies":[{"name":"wp","href":"https:\/\/api.w.org\/{rel}","templated":true}]}}